{"id":28046,"date":"2026-05-01T10:28:25","date_gmt":"2026-05-01T14:28:25","guid":{"rendered":"https:\/\/emd-batimo.ca\/?p=28046"},"modified":"2026-05-01T10:31:09","modified_gmt":"2026-05-01T14:31:09","slug":"emd-batimo-finaliste-du-41e-prix-domus","status":"publish","type":"post","link":"https:\/\/emd-batimo.ca\/en\/2026\/05\/01\/emd-batimo-finaliste-du-41e-prix-domus\/","title":{"rendered":"EMD\u2011Batimo, finalist for the 41st Prix Domus"},"content":{"rendered":"\t\t<div data-elementor-type=\"wp-post\" data-elementor-id=\"28046\" class=\"elementor elementor-28046 elementor-28045\" data-elementor-post-type=\"post\">\n\t\t\t\t<div class=\"elementor-element elementor-element-48bd91d4 e-flex e-con-boxed e-con e-parent\" data-id=\"48bd91d4\" data-element_type=\"container\">\n\t\t\t\t\t<div class=\"e-con-inner\">\n\t\t\t\t<div class=\"elementor-element elementor-element-6cfee6eb elementor-widget elementor-widget-text-editor\" data-id=\"6cfee6eb\" data-element_type=\"widget\" data-widget_type=\"text-editor.default\">\n\t\t\t\t<div class=\"elementor-widget-container\">\n\t\t\t\t\t\t\t\t\t<div class=\"xdj266r x14z9mp xat24cr x1lziwak x1vvkbs x126k92a\"><div dir=\"auto\"><div class=\"TypographyPresentation TypographyPresentation--medium RichText3-paragraph--withVSpacingNormal RichText3-paragraph HighlightSol HighlightSol--buildingBlock\">EMD-Batimo is honoured to be <a href=\"https:\/\/prixdomus.ca\/2026\/04\/20\/emd-batimo\/\" target=\"_blank\" rel=\"noopener\">nominated for the 41st Prix Domus<\/a>, founded by APCHQ Montr\u00e9al M\u00e9tropolitain, in recognition of its expertise. This award celebrates those who build far more than just buildings: visionary companies, bold leaders, and designers of sustainable and inspiring living environments.<\/div><div class=\"TypographyPresentation TypographyPresentation--medium RichText3-paragraph--withVSpacingNormal RichText3-paragraph HighlightSol HighlightSol--buildingBlock\">\u00a0<\/div><div class=\"TypographyPresentation TypographyPresentation--medium RichText3-paragraph--withVSpacingNormal RichText3-paragraph HighlightSol HighlightSol--buildingBlock\">The company has been nominated in the \u201cResidential Project of the Year\u201d (4+ storeys) category for R\u00e9sidence L\u2019Aubier, its flagship project in the heart of L\u00e9vis.<\/div><div class=\"TypographyPresentation TypographyPresentation--medium RichText3-paragraph--withVSpacingNormal RichText3-paragraph HighlightSol HighlightSol--buildingBlock\">\u00a0<\/div><div class=\"TypographyPresentation TypographyPresentation--medium RichText3-paragraph--withVSpacingNormal RichText3-paragraph HighlightSol HighlightSol--buildingBlock\">The winners will be announced on May 29th, at Th\u00e9\u00e2tre Cartier in Montr\u00e9al.<\/div><div class=\"TypographyPresentation TypographyPresentation--medium RichText3-paragraph--withVSpacingNormal RichText3-paragraph HighlightSol HighlightSol--buildingBlock\">\u00a0<\/div><div class=\"TypographyPresentation TypographyPresentation--medium RichText3-paragraph--withVSpacingNormal RichText3-paragraph HighlightSol HighlightSol--buildingBlock\">This nomination recognizes expertise, rigour, vision, and collaborative work. Best of luck to all the nominees! Together, we are raising the standards of housing for today and tomorrow.<\/div><\/div><\/div>\t\t\t\t\t\t\t\t<\/div>\n\t\t\t\t<\/div>\n\t\t\t\t\t<\/div>\n\t\t\t\t<\/div>\n\t\t\t\t<\/div>\n\t\t","protected":false},"excerpt":{"rendered":"<p>EMD-Batimo is honoured to be nominated for the 41st Prix Domus, founded by APCHQ Montr\u00e9al M\u00e9tropolitain, in recognition of its expertise. This award celebrates those who build far more than just buildings: visionary companies, bold leaders, and designers of sustainable and inspiring living environments.\u00a0The company has been nominated in the \u201cResidential Project of the Year\u201d [&hellip;]<\/p>\n","protected":false},"author":20,"featured_media":28049,"comment_status":"closed","ping_status":"open","sticky":false,"template":"","format":"standard","meta":{"footnotes":""},"categories":[237,242],"tags":[],"class_list":["post-28046","post","type-post","status-publish","format-standard","has-post-thumbnail","hentry","category-awards-and-distinctions","category-corporate"],"_links":{"self":[{"href":"https:\/\/emd-batimo.ca\/en\/wp-json\/wp\/v2\/posts\/28046","targetHints":{"allow":["GET"]}}],"collection":[{"href":"https:\/\/emd-batimo.ca\/en\/wp-json\/wp\/v2\/posts"}],"about":[{"href":"https:\/\/emd-batimo.ca\/en\/wp-json\/wp\/v2\/types\/post"}],"author":[{"embeddable":true,"href":"https:\/\/emd-batimo.ca\/en\/wp-json\/wp\/v2\/users\/20"}],"replies":[{"embeddable":true,"href":"https:\/\/emd-batimo.ca\/en\/wp-json\/wp\/v2\/comments?post=28046"}],"version-history":[{"count":0,"href":"https:\/\/emd-batimo.ca\/en\/wp-json\/wp\/v2\/posts\/28046\/revisions"}],"wp:featuredmedia":[{"embeddable":true,"href":"https:\/\/emd-batimo.ca\/en\/wp-json\/wp\/v2\/media\/28049"}],"wp:attachment":[{"href":"https:\/\/emd-batimo.ca\/en\/wp-json\/wp\/v2\/media?parent=28046"}],"wp:term":[{"taxonomy":"category","embeddable":true,"href":"https:\/\/emd-batimo.ca\/en\/wp-json\/wp\/v2\/categories?post=28046"},{"taxonomy":"post_tag","embeddable":true,"href":"https:\/\/emd-batimo.ca\/en\/wp-json\/wp\/v2\/tags?post=28046"}],"curies":[{"name":"wp","href":"https:\/\/api.w.org\/{rel}","templated":true}]}}